{"id":184,"date":"2010-08-22T13:30:20","date_gmt":"2010-08-22T11:30:20","guid":{"rendered":"http:\/\/hugsforhikers.com\/blog\/?p=184"},"modified":"2011-08-08T21:44:40","modified_gmt":"2011-08-08T19:44:40","slug":"trailer-tell-it-on-the-mountain","status":"publish","type":"post","link":"http:\/\/hugsforhikers.com\/blog\/2010\/08\/22\/trailer-tell-it-on-the-mountain\/","title":{"rendered":"Tell It On The Mountain"},"content":{"rendered":"<p>Im September diesen Jahres wird aller Voraussicht nach die DVD der Doku <a href=\"http:\/\/tellitonthemountain.com\/\" target=\"_blank\">&#8220;Tell it on the Mountain&#8221; erscheinen<\/a>. Es ist eine &#8220;documentary full of tall tales and alluring lore from the Pacific Crest Trail.&#8221; Gedreht wurde im Jahr 2006, im Trailer zu sehen ist deswegen auch Carsten a.k.a Sauerkraut von <a href=\"http:\/\/blog.fastpacking.de\/\" target=\"_blank\">fastpacking.de<\/a>, der damals seinen Thru-Hike aufgrund eines Bandscheibenvorfalls nach rund 1000km abbrechen musste, den PCT dann aber sp\u00e4ter in einem zweiten Versuch 2008 geschafft hat. Ich glaube von dieser Erfahrung her r\u00fchrt auch sein besonderes Interesse f\u00fcr Ultraleichtes Trekken &#8211; eine Outdoor-&#8220;Philosophie&#8221; (ich nenne das jetzt einfach mal so), die ihren Ursprung auch in der Thru-Hiker-Szene des PCT hat. Carsten ist \u00fcbrigens zwei Jahre vorher schon den Appalachian Trail (AT) komplett gewandert (ihm fehlt also nur noch der Continental Divide Trail zur Triple Crown, den er, glaube ich, 2011 versuchen m\u00f6chte) und darf wohl ohne gro\u00dfe Widerspr\u00fcche als deutsche Version eines personifizierten Lexikons der US-amerikanischen Weitwanderwege gelten. So oder so \u00e4hnlich jedenfalls. Wer sich hierzulande f\u00fcr den PCT interessiert, kommt um seinen Blog jedenfalls nicht wirklich herum.<\/p>\n<p>Hier also der vielversprechende Trailer:<\/p>\n<p><a href=\"http:\/\/vimeo.com\/908175\">Trailer &#8211; Tell it on the Mountain<\/a> from <a href=\"http:\/\/vimeo.com\/tellitonthemount\">TellitontheMountain<\/a> on <a href=\"http:\/\/vimeo.com\">Vimeo<\/a>.<\/p>\n<p>Ab Minute 02:29 ist auch der wunderbare <a href=\"http:\/\/hugsforhikers.com\/photography\/2008craterlake\/\">Crater Lake<\/a> zu sehen.<!--more--><\/p>\n<p>Und zwei Promo-Videos:<\/p>\n<p><a href=\"http:\/\/vimeo.com\/931503\">BillyGoat Interview &#8211; Tell it on the Mountain<\/a> from <a href=\"http:\/\/vimeo.com\/tellitonthemount\">TellitontheMountain<\/a> on <a href=\"http:\/\/vimeo.com\">Vimeo<\/a>.<\/p>\n<p><a href=\"http:\/\/vimeo.com\/931129\">Fundraising Trailer &#8211; Tell it on the Mountain<\/a> from <a href=\"http:\/\/vimeo.com\/tellitonthemount\">TellitontheMountain<\/a> on <a href=\"http:\/\/vimeo.com\">Vimeo<\/a>.<\/p>\n","protected":false},"excerpt":{"rendered":"<p>Im September diesen Jahres wird aller Voraussicht nach die DVD der Doku &#8220;Tell it on the Mountain&#8221; erscheinen. Es ist eine &#8220;documentary full of tall tales and alluring lore from the Pacific Crest Trail.&#8221; Gedreht wurde im Jahr 2006, im Trailer zu sehen ist deswegen auch Carsten a.k.a Sauerkraut von fastpacking.de, der damals seinen Thru-Hike [&hellip;]<\/p>\n","protected":false},"author":1,"featured_media":0,"comment_status":"open","ping_status":"open","sticky":false,"template":"","format":"standard","meta":{"footnotes":""},"categories":[1],"tags":[43,42,31,17,30,44],"class_list":["post-184","post","type-post","status-publish","format-standard","hentry","category-outdoor-reiseberichte","tag-california","tag-oregon","tag-pct","tag-usa","tag-videos","tag-washington"],"_links":{"self":[{"href":"http:\/\/hugsforhikers.com\/blog\/wp-json\/wp\/v2\/posts\/184","targetHints":{"allow":["GET"]}}],"collection":[{"href":"http:\/\/hugsforhikers.com\/blog\/wp-json\/wp\/v2\/posts"}],"about":[{"href":"http:\/\/hugsforhikers.com\/blog\/wp-json\/wp\/v2\/types\/post"}],"author":[{"embeddable":true,"href":"http:\/\/hugsforhikers.com\/blog\/wp-json\/wp\/v2\/users\/1"}],"replies":[{"embeddable":true,"href":"http:\/\/hugsforhikers.com\/blog\/wp-json\/wp\/v2\/comments?post=184"}],"version-history":[{"count":17,"href":"http:\/\/hugsforhikers.com\/blog\/wp-json\/wp\/v2\/posts\/184\/revisions"}],"predecessor-version":[{"id":638,"href":"http:\/\/hugsforhikers.com\/blog\/wp-json\/wp\/v2\/posts\/184\/revisions\/638"}],"wp:attachment":[{"href":"http:\/\/hugsforhikers.com\/blog\/wp-json\/wp\/v2\/media?parent=184"}],"wp:term":[{"taxonomy":"category","embeddable":true,"href":"http:\/\/hugsforhikers.com\/blog\/wp-json\/wp\/v2\/categories?post=184"},{"taxonomy":"post_tag","embeddable":true,"href":"http:\/\/hugsforhikers.com\/blog\/wp-json\/wp\/v2\/tags?post=184"}],"curies":[{"name":"wp","href":"https:\/\/api.w.org\/{rel}","templated":true}]}}