{"id":194,"date":"2010-08-22T14:43:09","date_gmt":"2010-08-22T12:43:09","guid":{"rendered":"http:\/\/hugsforhikers.com\/blog\/?p=194"},"modified":"2011-03-04T01:30:23","modified_gmt":"2011-03-03T23:30:23","slug":"gr20-nord-packliste-und-etappenplan","status":"publish","type":"post","link":"http:\/\/hugsforhikers.com\/blog\/2010\/08\/22\/gr20-nord-packliste-und-etappenplan\/","title":{"rendered":"GR20 Nord &#8211; Packliste und Etappenplan"},"content":{"rendered":"<p>Am kommenden Freitag, den 27.08., geht es endlich los: Mit dem Auto nachts nach Genua, von dort wird mit der F\u00e4hre \u00fcbergesetzt nach Bastia und dann geht es mit dem Auto weiter nach Calenzana &#8211; den Startort des Nordteils des Grande Randonn\u00e9e 20 auf Korsika. In insgesamt elf Tagen geht es dann von Calenzana nach Vizzavona, via a Muvrella (2148m), Monte Cinto (2706m), Paglia Orba (2525m), Monte Rotondo (2622m) und Monte d&#8217;Oro (2389m). Da die Zeit insgesamt leider nur f\u00fcr den Nordteil des GR20 reicht, dachte ich mir, das zumindest alle erreichbaren Gipfel in der N\u00e4he (nicht mehr als einen Tagesmarsch vom GR20 weg) mitgenommen werden m\u00fcssen&#8230;<\/p>\n<p>Insgesamt geht es mit 9320 Gramm auf dem R\u00fccken (gerechnet ohne Kamera und Wasser, Verpflegung wird zum Gro\u00dfteil Martin tragen, weil ich das Zelt+Kocher im Rucksack habe) rund 8700m hoch und 8500m runter, macht grob 17.000 H\u00f6henmeter in elf Tagen auf etwas \u00fcber 100km Strecke. &#8220;Vorfreude&#8221; beschreibt nicht ann\u00e4hernd das, was mich seit Monaten von der Diplomarbeit ablenkt&#8230; Mir und Martin juckt es richtig unter den F\u00fc\u00dfen.<\/p>\n<p><a href=\"http:\/\/hugsforhikers.com\/blog\/wp-content\/uploads\/GR20_Packliste.pdf\"><img decoding=\"async\" src=\"http:\/\/hugsforhikers.com\/images\/icon_attachement.png\" border=\"0\" alt=\"\" \/> GR20-Nord Packliste<\/a>, <a href=\"http:\/\/hugsforhikers.com\/blog\/wp-content\/uploads\/GR20_Etappen.pdf\"><img decoding=\"async\" src=\"http:\/\/hugsforhikers.com\/images\/icon_attachement.png\" border=\"0\" alt=\"\" \/> GR20-Nord Etappenplan<\/a>.<\/p>\n","protected":false},"excerpt":{"rendered":"<p>Am kommenden Freitag, den 27.08., geht es endlich los: Mit dem Auto nachts nach Genua, von dort wird mit der F\u00e4hre \u00fcbergesetzt nach Bastia und dann geht es mit dem Auto weiter nach Calenzana &#8211; den Startort des Nordteils des Grande Randonn\u00e9e 20 auf Korsika. In insgesamt elf Tagen geht es dann von Calenzana nach [&hellip;]<\/p>\n","protected":false},"author":1,"featured_media":0,"comment_status":"open","ping_status":"open","sticky":false,"template":"","format":"standard","meta":{"footnotes":""},"categories":[1],"tags":[33,47,34,32,35],"class_list":["post-194","post","type-post","status-publish","format-standard","hentry","category-outdoor-reiseberichte","tag-europe","tag-france","tag-gear-list","tag-gr20","tag-trekking"],"_links":{"self":[{"href":"http:\/\/hugsforhikers.com\/blog\/wp-json\/wp\/v2\/posts\/194","targetHints":{"allow":["GET"]}}],"collection":[{"href":"http:\/\/hugsforhikers.com\/blog\/wp-json\/wp\/v2\/posts"}],"about":[{"href":"http:\/\/hugsforhikers.com\/blog\/wp-json\/wp\/v2\/types\/post"}],"author":[{"embeddable":true,"href":"http:\/\/hugsforhikers.com\/blog\/wp-json\/wp\/v2\/users\/1"}],"replies":[{"embeddable":true,"href":"http:\/\/hugsforhikers.com\/blog\/wp-json\/wp\/v2\/comments?post=194"}],"version-history":[{"count":14,"href":"http:\/\/hugsforhikers.com\/blog\/wp-json\/wp\/v2\/posts\/194\/revisions"}],"predecessor-version":[{"id":304,"href":"http:\/\/hugsforhikers.com\/blog\/wp-json\/wp\/v2\/posts\/194\/revisions\/304"}],"wp:attachment":[{"href":"http:\/\/hugsforhikers.com\/blog\/wp-json\/wp\/v2\/media?parent=194"}],"wp:term":[{"taxonomy":"category","embeddable":true,"href":"http:\/\/hugsforhikers.com\/blog\/wp-json\/wp\/v2\/categories?post=194"},{"taxonomy":"post_tag","embeddable":true,"href":"http:\/\/hugsforhikers.com\/blog\/wp-json\/wp\/v2\/tags?post=194"}],"curies":[{"name":"wp","href":"https:\/\/api.w.org\/{rel}","templated":true}]}}